{"id":26097,"date":"2023-01-26T11:16:50","date_gmt":"2023-01-26T10:16:50","guid":{"rendered":"https:\/\/gaia.immx.group\/berberapen-in-een-brandend-bos\/"},"modified":"2023-02-24T14:16:31","modified_gmt":"2023-02-24T13:16:31","slug":"berberaffen-in-einem-brennenden-wald","status":"publish","type":"post","link":"https:\/\/gaia.immx.group\/de\/berberaffen-in-einem-brennenden-wald\/","title":{"rendered":"Berberaffen in einem brennenden Wald"},"content":{"rendered":"\n<section id=\"photo-info-overlay-block_dae3c319f69183bb68cc76496694c537\" class=\" col-12 photo-info-overlay  d-flex align-items-stretch  \">\n  <div id=\"photo-info-overlay-block_dae3c319f69183bb68cc76496694c537-hook\" class=\"hook\"><\/div>  <style>\n          @media (min-width: 992px) {\n        #photo-info-overlay-block_dae3c319f69183bb68cc76496694c537 {\n          height: auto;\n          min-height: 420px;\n        }\n      }\n              @media (max-width: 991px) {\n        #photo-info-overlay-block_dae3c319f69183bb68cc76496694c537 {\n            height: auto;\n            min-height: 420px;\n        }\n      }\n              @media (min-width: 1199.99px) {\n        #photo-info-overlay-block_dae3c319f69183bb68cc76496694c537 .wrapper h1,\n        #photo-info-overlay-block_dae3c319f69183bb68cc76496694c537 .wrapper h2 {\n          font-size: 3.125rem;\n        }\n      }\n              @media (min-width: 575.99px) and (max-width: 1199.98px) {\n        #photo-info-overlay-block_dae3c319f69183bb68cc76496694c537 .wrapper h1,\n        #photo-info-overlay-block_dae3c319f69183bb68cc76496694c537 .wrapper h2 {\n          font-size: 2.1875rem;\n        }\n      }\n              @media (max-width: 575.98px) {\n        #photo-info-overlay-block_dae3c319f69183bb68cc76496694c537 .wrapper h1,\n        #photo-info-overlay-block_dae3c319f69183bb68cc76496694c537 .wrapper h2 {\n          font-size: 1.5625rem;\n        }\n      }\n              @media (min-width: 1199.99px) {\n        #photo-info-overlay-block_dae3c319f69183bb68cc76496694c537 .wrapper p,\n        #photo-info-overlay-block_dae3c319f69183bb68cc76496694c537 .wrapper p {\n          font-size: 1rem;\n        }\n      }\n              @media (min-width: 575.99px) and (max-width: 1199.98px) {\n        #photo-info-overlay-block_dae3c319f69183bb68cc76496694c537 .wrapper p,\n        #photo-info-overlay-block_dae3c319f69183bb68cc76496694c537 .wrapper p {\n          font-size: 1rem;\n        }\n      }\n              @media (max-width: 575.98px) {\n        #photo-info-overlay-block_dae3c319f69183bb68cc76496694c537 .wrapper p,\n        #photo-info-overlay-block_dae3c319f69183bb68cc76496694c537 .wrapper p {\n          font-size: 0.875rem;\n        }\n      }\n      <\/style>\n\n      <div class=\"container d-flex flex-column justify-content-center\">\n    <div class=\"row d-flex flex-column align-items-center\">\n      <div class=\"col-12 col-lg-col-12 col-lg-8 col-xl-5\">\n        <div class=\"content text-center\" >\n          <div class=\"color white\" style=\"opacity: calc(0\/100);\"><\/div>\n                    <div class=\"wrapper\">\n\n                          <div class=\"title\" style=\"color: var(--black)\">\n                                  <h1 class=\"nomargin\"><span>Berberaffen in einem brennenden Wald<\/span>\n<\/h1>\n                              <\/div>\n            \n            <div class=\"text\" style=\"color: var(--white)\">\n              \n            <\/div>\n\n                      <\/div>\n        <\/div>\n      <\/div>\n    <\/div>\n  <\/div>\n<\/section>\n\n\n\n<style>\n    .days-slider .nav-item .nav-link.active {\n        background: var(--);\n    }\n\n    .days-slider .nav-item .nav-link.today.active {\n        background: var(--);\n    }\n<\/style>\n\n\n<section id=\"intro-block_24b4e34c753f7e31bd1ee46094432bb8\"\n         class=\"col-12 white intro  top-defaultpadding  bottom-defaultpadding \">\n\n    <div id=\"intro-block_24b4e34c753f7e31bd1ee46094432bb8-hook\" class=\"hook\"><\/div>    \n\n\n\n    \n                        \n        \n    <div class=\"container\">\n        <div class=\"row column-direction reverse  \">\n            <div class=\"col-12 col-md-7 description  \">\n                                                    \n                                    <div class=\"desc\" style=\"color: var(--black)\">\n                        <p><strong>25. Juli 2022: Die W\u00e4lder im Nationalpark Bouhachem und in der unmittelbaren Umgebung stehen in Flammen. Feuerwehr, Armee und Anwohnende versuchen mit aller Macht, das Feuer zu l\u00f6schen. Aber durch die Trockenheit und den anhaltenden Wind dauert es eine Woche, bis das Feuer gel\u00f6scht ist. Hunderte wilde Tiere, Schafe und Ziegen kommen ums Leben, darunter auch zahlreiche bedrohte Berberaffen. Ernten werden vernichtet, und viele Menschen verlieren ihr Zuhause. \u00dcbrig bleibt eine 7.500 Hektar umfassende verkohlte Landschaft (das entspricht 10.000 Fu\u00dfballfeldern!).<\/strong><\/p>\n<p>Barbary Macaque Awareness and Conservation (BMAC) setzt sich schon seit etlichen Jahren f\u00fcr den Fortbestand der bedrohten Berberaffen ein. W\u00e4hrend der Br\u00e4nde k\u00e4mpften die Mitglieder Seite an Seite gegen das Feuer, halfen Anwohnenden bei der Evakuierung und leisteten erste Hilfe f\u00fcr Mensch und Tier. Der Gaia Nature Fund unterst\u00fctzte die Organisation mit einer Spende in H\u00f6he von 5.000 Euro. Aber weil noch weitaus mehr ben\u00f6tigt ist, haben wir 2023 zum Jahr des Berberaffen erkl\u00e4rt!<\/p>\n<p>Helfen auch Sie uns!?<\/p>\n\n                    <\/div>\n                \n\n                \n\n                            <\/div>\n\n\n            <div class=\"col-12 col-md-5  \">\n                                                            <img decoding=\"async\"\n                                src=\"https:\/\/gaia.immx.group\/wp-content\/uploads\/2023\/01\/brand.jpg\"\n                                alt=\"\"\n                                title=\"brand\"\n                                class=\"img-responsive\"\n                                srcset=\"https:\/\/gaia.immx.group\/wp-content\/uploads\/2023\/01\/brand-450x300.jpg 480w,\n                        https:\/\/gaia.immx.group\/wp-content\/uploads\/2023\/01\/brand.jpg 2048w\"\n                                sizes=\"auto, (max-width: 480px) 480px\"\n                                width=\"470\"\n                                loading=\"lazy\"\n                                                                    style=\"border-radius: 5px\"\n                                                        \/>\n                                    \n\n            <\/div>\n        <\/div>\n    <\/div>\n<\/section>\n\n\n\n<style>\n    .days-slider .nav-item .nav-link.active {\n        background: var(--);\n    }\n\n    .days-slider .nav-item .nav-link.today.active {\n        background: var(--);\n    }\n<\/style>\n\n\n<section id=\"intro-block_19e8cc8cce8a4cd0460ff458d54ea5ba\"\n         class=\"col-12 white intro  top-defaultpadding  bottom-defaultpadding \">\n\n    <div id=\"intro-block_19e8cc8cce8a4cd0460ff458d54ea5ba-hook\" class=\"hook\"><\/div>    \n\n\n\n    \n                        \n        \n    <div class=\"container\">\n        <div class=\"row column-direction   \">\n            <div class=\"col-12 col-md-7 description  \">\n                                                            <div class=\"title\"\n                             style=\"color: var(--primary)\">\n                                                            <h2>Was k\u00f6nnen Sie tun?<\/h2>\n                                                    <\/div>\n                                    \n                                    <div class=\"desc\" style=\"color: var(--black)\">\n                        <p>In der N\u00e4he des Bildungszentrums von BMAC leben 12 Gruppen von Berberaffen. Jede Gruppe bestand aus etwa 60 Tieren. Von manchen Gruppen ist nicht einmal mehr ein einziges Tier \u00fcbrig. F\u00fcr die \u00dcberlebenden gibt es kaum noch Lebensmittel. Die Eicheln, Insekten und Pilze, die die Berberaffen normalerweise fressen, wurden verbrannt.<\/p>\n\n                    <\/div>\n                \n\n                \n\n                            <\/div>\n\n\n            <div class=\"col-12 col-md-5  \">\n                                                            <img decoding=\"async\"\n                                src=\"https:\/\/gaia.immx.group\/wp-content\/uploads\/2023\/01\/IMG_0082-1024x569.jpg\"\n                                alt=\"Was k\u00f6nnen Sie tun?\"\n                                title=\"IMG_0082\"\n                                class=\"img-responsive\"\n                                srcset=\"https:\/\/gaia.immx.group\/wp-content\/uploads\/2023\/01\/IMG_0082-450x250.jpg 480w,\n                        https:\/\/gaia.immx.group\/wp-content\/uploads\/2023\/01\/IMG_0082-1024x569.jpg 2048w\"\n                                sizes=\"auto, (max-width: 480px) 480px\"\n                                width=\"470\"\n                                loading=\"lazy\"\n                                                                    style=\"border-radius: 5px\"\n                                                        \/>\n                                    \n\n            <\/div>\n        <\/div>\n    <\/div>\n<\/section>\n\n\n\n<style>\n    .days-slider .nav-item .nav-link.active {\n        background: var(--);\n    }\n\n    .days-slider .nav-item .nav-link.today.active {\n        background: var(--);\n    }\n<\/style>\n\n\n<section id=\"intro-block_8523aba03a485820445b54013c20e757\"\n         class=\"col-12 white intro  top-defaultpadding  bottom-defaultpadding \">\n\n    <div id=\"intro-block_8523aba03a485820445b54013c20e757-hook\" class=\"hook\"><\/div>    \n\n\n\n    \n                        \n        \n    <div class=\"container\">\n        <div class=\"row column-direction reverse  \">\n            <div class=\"col-12 col-md-6 description  \">\n                                                            <div class=\"title\"\n                             style=\"color: var(--primary)\">\n                                                            <h2>Auch eine Adoption hilft!<\/h2>\n                                                    <\/div>\n                                    \n                                    <div class=\"desc\" style=\"color: var(--black)\">\n                        <p>Deshalb bringen die Mitarbeiter des BMAC jeder Gruppe von Berberaffen 3-4 Mal pro Woche 15 Kilo Eicheln. Die Affen brauchen diese eiwei\u00dfreichen und \u00f6lhaltigen Eicheln als Fettspeicher f\u00fcr den kalten Winter. Die Eicheln werden in speziellen Beh\u00e4ltern in den B\u00e4umen aufgeh\u00e4ngt, damit sie nicht von Rindern und Wildschweinen gefressen werden.<br \/>\nAber eigentlich sollten sie jeden Tag 15 Kilo Eicheln bekommen. Werden Sie helfen?<\/p>\n\n                    <\/div>\n                \n\n                \n\n                                    <div class=\"buttons justify-content-start\">\n                                                    \n  \n  <a\n    href=\"https:\/\/tickets.gaiazoo.nl\/de\/adopteereenberberaap\/tickets\"     class=\"button tertiary-button\n                        \"\n    style='\n            color: var(--black);      border-radius: 5px;      font-weight: 400;      font-family: Bariol-Regular;      '\n    title=\"Adoptieren Sie einen Berberaffen f\u00fcr 15 Euro!\" id=\"intro-block_8523aba03a485820445b54013c20e757-cta-1\"\n    >\n        <div class=\"text\">\n      Adoptieren Sie einen Berberaffen f\u00fcr 15 Euro!\n    <\/div>\n  <\/a>\n                                            <\/div>\n                            <\/div>\n\n\n            <div class=\"col-12 col-md-6  \">\n                                                            <img decoding=\"async\"\n                                src=\"https:\/\/gaia.immx.group\/wp-content\/uploads\/2023\/01\/Acorns-768x1024.jpeg\"\n                                alt=\"Auch eine Adoption hilft!\"\n                                title=\"Acorns\"\n                                class=\"img-responsive\"\n                                srcset=\"https:\/\/gaia.immx.group\/wp-content\/uploads\/2023\/01\/Acorns-450x600.jpeg 480w,\n                        https:\/\/gaia.immx.group\/wp-content\/uploads\/2023\/01\/Acorns-768x1024.jpeg 2048w\"\n                                sizes=\"auto, (max-width: 480px) 480px\"\n                                width=\"470\"\n                                loading=\"lazy\"\n                                                                    style=\"border-radius: 5px\"\n                                                        \/>\n                                    \n\n            <\/div>\n        <\/div>\n    <\/div>\n<\/section>\n\n\n\n<style>\n    .days-slider .nav-item .nav-link.active {\n        background: var(--);\n    }\n\n    .days-slider .nav-item .nav-link.today.active {\n        background: var(--);\n    }\n<\/style>\n\n\n<section id=\"intro-block_67a30540d8f5c105d443588ad4284b12\"\n         class=\"col-12 white intro  top-defaultpadding  bottom-defaultpadding \">\n\n    <div id=\"intro-block_67a30540d8f5c105d443588ad4284b12-hook\" class=\"hook\"><\/div>    \n\n\n\n    \n                        \n        \n    <div class=\"container\">\n        <div class=\"row column-direction   \">\n            <div class=\"col-12 col-md-7 description  \">\n                                                            <div class=\"title\"\n                             style=\"color: var(--primary)\">\n                                                            <h2>Spenden Sie an den GNF<\/h2>\n                                                    <\/div>\n                                    \n                                    <div class=\"desc\" style=\"color: var(--black)\">\n                        <p>F\u00fcr 5 Euro k\u00f6nnen Sie zehn Kilo Eicheln spenden!<\/p>\n\n                    <\/div>\n                \n\n                \n\n                                    <div class=\"buttons justify-content-start\">\n                                                    \n  \n  <a\n    href=\"https:\/\/tickets.gaiazoo.nl\/donation\/de\"     class=\"button tertiary-button\n                        \"\n    style='\n            color: var(--black);      border-radius: 5px;      font-weight: 400;      font-family: Bariol-Regular;      '\n    title=\"Ja, ich m\u00f6chte spenden und dem Berberaffen helfen!\" id=\"intro-block_67a30540d8f5c105d443588ad4284b12-cta-1\"\n    >\n        <div class=\"text\">\n      Ja, ich m\u00f6chte spenden und dem Berberaffen helfen!\n    <\/div>\n  <\/a>\n                                            <\/div>\n                            <\/div>\n\n\n            <div class=\"col-12 col-md-5  \">\n                                                            <img decoding=\"async\"\n                                src=\"https:\/\/gaia.immx.group\/wp-content\/uploads\/2023\/01\/gaia5-768x1024.jpeg\"\n                                alt=\"Spenden Sie an den GNF\"\n                                title=\"gaia5\"\n                                class=\"img-responsive\"\n                                srcset=\"https:\/\/gaia.immx.group\/wp-content\/uploads\/2023\/01\/gaia5-450x600.jpeg 480w,\n                        https:\/\/gaia.immx.group\/wp-content\/uploads\/2023\/01\/gaia5-768x1024.jpeg 2048w\"\n                                sizes=\"auto, (max-width: 480px) 480px\"\n                                width=\"470\"\n                                loading=\"lazy\"\n                                                                    style=\"border-radius: 5px\"\n                                                        \/>\n                                    \n\n            <\/div>\n        <\/div>\n    <\/div>\n<\/section>\n","protected":false},"excerpt":{"rendered":"","protected":false},"author":5,"featured_media":25494,"comment_status":"open","ping_status":"open","sticky":false,"template":"","format":"standard","meta":{"footnotes":""},"categories":[117,121],"tags":[],"class_list":["post-26097","post","type-post","status-publish","format-standard","has-post-thumbnail","hentry","category-blog-de","category-nachrichten"],"acf":[],"yoast_head":"<!-- This site is optimized with the Yoast SEO plugin v19.11 - https:\/\/yoast.com\/wordpress\/plugins\/seo\/ -->\n<title>Berberaffen in einem brennenden Wald - GaiaZOO<\/title>\n<meta name=\"robots\" content=\"index, follow, max-snippet:-1, max-image-preview:large, max-video-preview:-1\" \/>\n<link rel=\"canonical\" href=\"https:\/\/gaia.immx.group\/de\/berberaffen-in-einem-brennenden-wald\/\" \/>\n<meta property=\"og:locale\" content=\"de_DE\" \/>\n<meta property=\"og:type\" content=\"article\" \/>\n<meta property=\"og:title\" content=\"Berberaffen in einem brennenden Wald - GaiaZOO\" \/>\n<meta property=\"og:url\" content=\"https:\/\/gaia.immx.group\/de\/berberaffen-in-einem-brennenden-wald\/\" \/>\n<meta property=\"og:site_name\" content=\"GaiaZOO\" \/>\n<meta property=\"article:published_time\" content=\"2023-01-26T10:16:50+00:00\" \/>\n<meta property=\"article:modified_time\" content=\"2023-02-24T13:16:31+00:00\" \/>\n<meta property=\"og:image\" content=\"https:\/\/gaia.immx.group\/wp-content\/uploads\/2023\/01\/brand.jpg\" \/>\n\t<meta property=\"og:image:width\" content=\"750\" \/>\n\t<meta property=\"og:image:height\" content=\"500\" \/>\n\t<meta property=\"og:image:type\" content=\"image\/jpeg\" \/>\n<meta name=\"author\" content=\"suzannecreusen\" \/>\n<meta name=\"twitter:card\" content=\"summary_large_image\" \/>\n<meta name=\"twitter:label1\" content=\"Verfasst von\" \/>\n\t<meta name=\"twitter:data1\" content=\"suzannecreusen\" \/>\n<script type=\"application\/ld+json\" class=\"yoast-schema-graph\">{\"@context\":\"https:\/\/schema.org\",\"@graph\":[{\"@type\":\"WebPage\",\"@id\":\"https:\/\/gaia.immx.group\/de\/berberaffen-in-einem-brennenden-wald\/\",\"url\":\"https:\/\/gaia.immx.group\/de\/berberaffen-in-einem-brennenden-wald\/\",\"name\":\"Berberaffen in einem brennenden Wald - GaiaZOO\",\"isPartOf\":{\"@id\":\"https:\/\/gaia.immx.group\/#website\"},\"datePublished\":\"2023-01-26T10:16:50+00:00\",\"dateModified\":\"2023-02-24T13:16:31+00:00\",\"author\":{\"@id\":\"https:\/\/gaia.immx.group\/#\/schema\/person\/410231988720f5e979ffb2d5a1ebaea9\"},\"breadcrumb\":{\"@id\":\"https:\/\/gaia.immx.group\/de\/berberaffen-in-einem-brennenden-wald\/#breadcrumb\"},\"inLanguage\":\"de\",\"potentialAction\":[{\"@type\":\"ReadAction\",\"target\":[\"https:\/\/gaia.immx.group\/de\/berberaffen-in-einem-brennenden-wald\/\"]}]},{\"@type\":\"BreadcrumbList\",\"@id\":\"https:\/\/gaia.immx.group\/de\/berberaffen-in-einem-brennenden-wald\/#breadcrumb\",\"itemListElement\":[{\"@type\":\"ListItem\",\"position\":1,\"name\":\"Home\",\"item\":\"https:\/\/gaia.immx.group\/de\/\"},{\"@type\":\"ListItem\",\"position\":2,\"name\":\"Berberaffen in einem brennenden Wald\"}]},{\"@type\":\"WebSite\",\"@id\":\"https:\/\/gaia.immx.group\/#website\",\"url\":\"https:\/\/gaia.immx.group\/\",\"name\":\"GaiaZOO\",\"description\":\"Ga op wereldreis in \u00e9\u00e9n dag\",\"potentialAction\":[{\"@type\":\"SearchAction\",\"target\":{\"@type\":\"EntryPoint\",\"urlTemplate\":\"https:\/\/gaia.immx.group\/?s={search_term_string}\"},\"query-input\":\"required name=search_term_string\"}],\"inLanguage\":\"de\"},{\"@type\":\"Person\",\"@id\":\"https:\/\/gaia.immx.group\/#\/schema\/person\/410231988720f5e979ffb2d5a1ebaea9\",\"name\":\"suzannecreusen\",\"image\":{\"@type\":\"ImageObject\",\"inLanguage\":\"de\",\"@id\":\"https:\/\/gaia.immx.group\/#\/schema\/person\/image\/\",\"url\":\"https:\/\/secure.gravatar.com\/avatar\/5b4dde11193089647f7d5afd86d3e13eb5739b4662b4b64482a7115f19c173d4?s=96&d=mm&r=g\",\"contentUrl\":\"https:\/\/secure.gravatar.com\/avatar\/5b4dde11193089647f7d5afd86d3e13eb5739b4662b4b64482a7115f19c173d4?s=96&d=mm&r=g\",\"caption\":\"suzannecreusen\"},\"url\":\"https:\/\/gaia.immx.group\/de\/author\/suzannecreusen\/\"}]}<\/script>\n<!-- \/ Yoast SEO plugin. -->","yoast_head_json":{"title":"Berberaffen in einem brennenden Wald - GaiaZOO","robots":{"index":"index","follow":"follow","max-snippet":"max-snippet:-1","max-image-preview":"max-image-preview:large","max-video-preview":"max-video-preview:-1"},"canonical":"https:\/\/gaia.immx.group\/de\/berberaffen-in-einem-brennenden-wald\/","og_locale":"de_DE","og_type":"article","og_title":"Berberaffen in einem brennenden Wald - GaiaZOO","og_url":"https:\/\/gaia.immx.group\/de\/berberaffen-in-einem-brennenden-wald\/","og_site_name":"GaiaZOO","article_published_time":"2023-01-26T10:16:50+00:00","article_modified_time":"2023-02-24T13:16:31+00:00","og_image":[{"width":750,"height":500,"url":"https:\/\/gaia.immx.group\/wp-content\/uploads\/2023\/01\/brand.jpg","type":"image\/jpeg"}],"author":"suzannecreusen","twitter_card":"summary_large_image","twitter_misc":{"Verfasst von":"suzannecreusen"},"schema":{"@context":"https:\/\/schema.org","@graph":[{"@type":"WebPage","@id":"https:\/\/gaia.immx.group\/de\/berberaffen-in-einem-brennenden-wald\/","url":"https:\/\/gaia.immx.group\/de\/berberaffen-in-einem-brennenden-wald\/","name":"Berberaffen in einem brennenden Wald - GaiaZOO","isPartOf":{"@id":"https:\/\/gaia.immx.group\/#website"},"datePublished":"2023-01-26T10:16:50+00:00","dateModified":"2023-02-24T13:16:31+00:00","author":{"@id":"https:\/\/gaia.immx.group\/#\/schema\/person\/410231988720f5e979ffb2d5a1ebaea9"},"breadcrumb":{"@id":"https:\/\/gaia.immx.group\/de\/berberaffen-in-einem-brennenden-wald\/#breadcrumb"},"inLanguage":"de","potentialAction":[{"@type":"ReadAction","target":["https:\/\/gaia.immx.group\/de\/berberaffen-in-einem-brennenden-wald\/"]}]},{"@type":"BreadcrumbList","@id":"https:\/\/gaia.immx.group\/de\/berberaffen-in-einem-brennenden-wald\/#breadcrumb","itemListElement":[{"@type":"ListItem","position":1,"name":"Home","item":"https:\/\/gaia.immx.group\/de\/"},{"@type":"ListItem","position":2,"name":"Berberaffen in einem brennenden Wald"}]},{"@type":"WebSite","@id":"https:\/\/gaia.immx.group\/#website","url":"https:\/\/gaia.immx.group\/","name":"GaiaZOO","description":"Ga op wereldreis in \u00e9\u00e9n dag","potentialAction":[{"@type":"SearchAction","target":{"@type":"EntryPoint","urlTemplate":"https:\/\/gaia.immx.group\/?s={search_term_string}"},"query-input":"required name=search_term_string"}],"inLanguage":"de"},{"@type":"Person","@id":"https:\/\/gaia.immx.group\/#\/schema\/person\/410231988720f5e979ffb2d5a1ebaea9","name":"suzannecreusen","image":{"@type":"ImageObject","inLanguage":"de","@id":"https:\/\/gaia.immx.group\/#\/schema\/person\/image\/","url":"https:\/\/secure.gravatar.com\/avatar\/5b4dde11193089647f7d5afd86d3e13eb5739b4662b4b64482a7115f19c173d4?s=96&d=mm&r=g","contentUrl":"https:\/\/secure.gravatar.com\/avatar\/5b4dde11193089647f7d5afd86d3e13eb5739b4662b4b64482a7115f19c173d4?s=96&d=mm&r=g","caption":"suzannecreusen"},"url":"https:\/\/gaia.immx.group\/de\/author\/suzannecreusen\/"}]}},"_links":{"self":[{"href":"https:\/\/gaia.immx.group\/de\/wp-json\/wp\/v2\/posts\/26097","targetHints":{"allow":["GET"]}}],"collection":[{"href":"https:\/\/gaia.immx.group\/de\/wp-json\/wp\/v2\/posts"}],"about":[{"href":"https:\/\/gaia.immx.group\/de\/wp-json\/wp\/v2\/types\/post"}],"author":[{"embeddable":true,"href":"https:\/\/gaia.immx.group\/de\/wp-json\/wp\/v2\/users\/5"}],"replies":[{"embeddable":true,"href":"https:\/\/gaia.immx.group\/de\/wp-json\/wp\/v2\/comments?post=26097"}],"version-history":[{"count":15,"href":"https:\/\/gaia.immx.group\/de\/wp-json\/wp\/v2\/posts\/26097\/revisions"}],"predecessor-version":[{"id":29075,"href":"https:\/\/gaia.immx.group\/de\/wp-json\/wp\/v2\/posts\/26097\/revisions\/29075"}],"wp:featuredmedia":[{"embeddable":true,"href":"https:\/\/gaia.immx.group\/de\/wp-json\/wp\/v2\/media\/25494"}],"wp:attachment":[{"href":"https:\/\/gaia.immx.group\/de\/wp-json\/wp\/v2\/media?parent=26097"}],"wp:term":[{"taxonomy":"category","embeddable":true,"href":"https:\/\/gaia.immx.group\/de\/wp-json\/wp\/v2\/categories?post=26097"},{"taxonomy":"post_tag","embeddable":true,"href":"https:\/\/gaia.immx.group\/de\/wp-json\/wp\/v2\/tags?post=26097"}],"curies":[{"name":"wp","href":"https:\/\/api.w.org\/{rel}","templated":true}]}}